{"id":171,"date":"2021-05-15T02:36:56","date_gmt":"2021-05-15T02:36:56","guid":{"rendered":"https:\/\/demo2wpopal.b-cdn.net\/humani\/2021\/05\/15\/outdoor-behavioral-healthcare-services-to-youth-and-young-adults\/"},"modified":"2026-01-06T17:13:45","modified_gmt":"2026-01-06T17:13:45","slug":"outdoor-behavioral-healthcare-services-to-youth-and-young-adults","status":"publish","type":"post","link":"https:\/\/phfoundation.net\/fr\/2021\/05\/15\/outdoor-behavioral-healthcare-services-to-youth-and-young-adults\/","title":{"rendered":"L'acc\u00e8s aux soins de sant\u00e9 est un droit pour tous"},"content":{"rendered":"<p class=\"first:mt-1.5!\">La sant\u00e9 n'est pas seulement l'absence de maladie ; c'est un \u00e9tat de complet bien-\u00eatre physique, mental et social. Pourtant, aujourd'hui, cet \u00e9tat de bien-\u00eatre n'est pas accessible \u00e0 tous de la m\u00eame mani\u00e8re. La Fondation Protectiva pour la sant\u00e9 aborde, dans son premier article de blog, un sujet qui est au c\u0153ur de sa mission : <strong>Acc\u00e8s aux soins de sant\u00e9<\/strong>.<\/p>\n<h4>Quels sont les obstacles \u00e0 l'acc\u00e8s ?<\/h4>\n<p class=\"first:mt-1.5!\">Des millions de personnes dans le monde sont confront\u00e9es \u00e0 divers obstacles lorsqu'elles tentent d'acc\u00e9der aux services de sant\u00e9 les plus \u00e9l\u00e9mentaires. Les principaux obstacles sont les suivants<\/p>\n<ul class=\"list-disc\">\n<li class=\"ml-4\"><strong>Contraintes financi\u00e8res :<\/strong> Incapacit\u00e9 \u00e0 assumer les co\u00fbts du traitement et des m\u00e9dicaments.<\/li>\n<li class=\"ml-4\"><strong>Distance g\u00e9ographique :<\/strong> Les habitants des zones rurales n'ont pas acc\u00e8s \u00e0 des h\u00f4pitaux enti\u00e8rement \u00e9quip\u00e9s.<\/li>\n<li class=\"ml-4\"><strong>Manque d'information :<\/strong> Sensibilisation insuffisante aux services de sant\u00e9 pr\u00e9ventive et aux droits.<\/li>\n<\/ul>\n<h4>Ce que nous faisons<\/h4>\n<p class=\"first:mt-1.5!\">En tant que fondation pour la sant\u00e9, notre mission principale est d'\u00e9liminer ces obstacles et de rendre les soins de sant\u00e9 \u201caccessibles\u201d \u00e0 tous les segments de la soci\u00e9t\u00e9. Gr\u00e2ce au soutien que nous apportons, aux d\u00e9pistages que nous effectuons et \u00e0 nos projets \u00e9ducatifs, nous jetons un pont solide entre les personnes aux ressources limit\u00e9es et la m\u00e9decine moderne.<\/p>\n<blockquote>\n<p class=\"first:mt-1.5!\"><em>\u201cLa sant\u00e9 n'est pas un privil\u00e8ge, c'est le droit le plus fondamental que tout \u00eatre humain poss\u00e8de \u00e0 la naissance.\u201d<\/em><\/p>\n<\/blockquote>\n<h4>Un avenir sain est possible ensemble<\/h4>\n<p class=\"first:mt-1.5!\">L'am\u00e9lioration de l'acc\u00e8s aux soins de sant\u00e9 n'est pas seulement une question de gu\u00e9rison individuelle ; il s'agit d'un mouvement qui contribue au bien-\u00eatre g\u00e9n\u00e9ral de la soci\u00e9t\u00e9. Gr\u00e2ce \u00e0 votre soutien, nous pourrons toucher davantage de personnes et continuer \u00e0 travailler pour qu'aucun enfant ne reste sans traitement et qu'aucun patient ne reste en attente d'une aide.<\/p>\n<p class=\"first:mt-1.5!\">Construisons ensemble des lendemains plus sains.<\/p>\n\n\n<p><\/p>","protected":false},"excerpt":{"rendered":"<p>Duis aute irure dolor in reprehenderit in voluptate velit esse cillum dolore eu fugiat nulla pariatur. Excepteur sint occaecat cupidatat non proident, sunt in culpa qui officia deserunt mollit anim id est laborum. Sed ut perspiciatis unde omnis iste natus error sit voluptatem accusantium doloremque laudantium.<\/p>","protected":false},"author":1,"featured_media":170,"comment_status":"open","ping_status":"open","sticky":false,"template":"","format":"standard","meta":{"give_campaign_id":0,"_jetpack_memberships_contains_paid_content":false,"footnotes":""},"categories":[4],"tags":[28,8,9,25],"class_list":["post-171","post","type-post","status-publish","format-standard","has-post-thumbnail","hentry","category-healthcare-access","tag-community-support","tag-healthcare-access","tag-medical-supplies","tag-solidarity"],"jetpack_featured_media_url":"https:\/\/phfoundation.net\/wp-content\/uploads\/2021\/05\/2.jpeg","jetpack_sharing_enabled":true,"_links":{"self":[{"href":"https:\/\/phfoundation.net\/fr\/wp-json\/wp\/v2\/posts\/171","targetHints":{"allow":["GET"]}}],"collection":[{"href":"https:\/\/phfoundation.net\/fr\/wp-json\/wp\/v2\/posts"}],"about":[{"href":"https:\/\/phfoundation.net\/fr\/wp-json\/wp\/v2\/types\/post"}],"author":[{"embeddable":true,"href":"https:\/\/phfoundation.net\/fr\/wp-json\/wp\/v2\/users\/1"}],"replies":[{"embeddable":true,"href":"https:\/\/phfoundation.net\/fr\/wp-json\/wp\/v2\/comments?post=171"}],"version-history":[{"count":0,"href":"https:\/\/phfoundation.net\/fr\/wp-json\/wp\/v2\/posts\/171\/revisions"}],"wp:featuredmedia":[{"embeddable":true,"href":"https:\/\/phfoundation.net\/fr\/wp-json\/wp\/v2\/media\/170"}],"wp:attachment":[{"href":"https:\/\/phfoundation.net\/fr\/wp-json\/wp\/v2\/media?parent=171"}],"wp:term":[{"taxonomy":"category","embeddable":true,"href":"https:\/\/phfoundation.net\/fr\/wp-json\/wp\/v2\/categories?post=171"},{"taxonomy":"post_tag","embeddable":true,"href":"https:\/\/phfoundation.net\/fr\/wp-json\/wp\/v2\/tags?post=171"}],"curies":[{"name":"wp","href":"https:\/\/api.w.org\/{rel}","templated":true}]}}